{"id":17753,"date":"2025-03-24T09:02:51","date_gmt":"2025-03-24T08:02:51","guid":{"rendered":"https:\/\/ecoles.rixensart.be\/centre\/?p=17753"},"modified":"2025-03-24T09:02:51","modified_gmt":"2025-03-24T08:02:51","slug":"matinee-au-chateau-de-la-hulpe-classes-daccueil-et-m1photos-dans-larticle","status":"publish","type":"post","link":"https:\/\/ecoles.rixensart.be\/centre\/2025\/03\/24\/matinee-au-chateau-de-la-hulpe-classes-daccueil-et-m1photos-dans-larticle\/","title":{"rendered":"Matin\u00e9e au ch\u00e2teau de la Hulpe classes d&#8217;accueil et M1(photos dans l&#8217;article)"},"content":{"rendered":"<h3>Le vendredi 21 mars, les enfants de la classe d&#8217;accueil et de 1\u00e8re maternelle se sont rendus au ch\u00e2teau de la Hulpe.<\/h3>\n<h3>Cette promenade en plein c\u0153ur de la nature a \u00e9t\u00e9 l&#8217;occasion de d\u00e9couvrir la beaut\u00e9 des paysages printaniers.<\/h3>\n<h3>Nos petits explorateurs ont observ\u00e9 les premi\u00e8res fleurs, \u00e9cout\u00e9 les chants d&#8217;oiseaux et jou\u00e9 \u00e0 des jeux en ext\u00e9rieur, tout \u00e7a sous un magnifique soleil.<\/h3>\n<h3>Une belle mani\u00e8re de d\u00e9velopper leur curiosit\u00e9 et d&#8217;encourager leur sens de l&#8217;observation.<\/h3>\n<p><img loading=\"lazy\" decoding=\"async\" class=\"alignnone size-medium wp-image-17746\" src=\"https:\/\/ecoles.rixensart.be\/centre\/wp-content\/uploads\/2025\/03\/IMG-20250324-WA0008-135x300.jpg\" alt=\"\" width=\"135\" height=\"300\" srcset=\"https:\/\/ecoles.rixensart.be\/centre\/wp-content\/uploads\/2025\/03\/IMG-20250324-WA0008-135x300.jpg 135w, https:\/\/ecoles.rixensart.be\/centre\/wp-content\/uploads\/2025\/03\/IMG-20250324-WA0008-461x1024.jpg 461w, https:\/\/ecoles.rixensart.be\/centre\/wp-content\/uploads\/2025\/03\/IMG-20250324-WA0008-692x1536.jpg 692w, https:\/\/ecoles.rixensart.be\/centre\/wp-content\/uploads\/2025\/03\/IMG-20250324-WA0008.jpg 721w\" sizes=\"auto, (max-width: 135px) 100vw, 135px\" \/> <img loading=\"lazy\" decoding=\"async\" class=\"alignnone size-medium wp-image-17745\" src=\"https:\/\/ecoles.rixensart.be\/centre\/wp-content\/uploads\/2025\/03\/IMG-20250324-WA0007-300x135.jpg\" alt=\"\" width=\"300\" height=\"135\" srcset=\"https:\/\/ecoles.rixensart.be\/centre\/wp-content\/uploads\/2025\/03\/IMG-20250324-WA0007-300x135.jpg 300w, https:\/\/ecoles.rixensart.be\/centre\/wp-content\/uploads\/2025\/03\/IMG-20250324-WA0007-1024x461.jpg 1024w, https:\/\/ecoles.rixensart.be\/centre\/wp-content\/uploads\/2025\/03\/IMG-20250324-WA0007-768x346.jpg 768w, https:\/\/ecoles.rixensart.be\/centre\/wp-content\/uploads\/2025\/03\/IMG-20250324-WA0007-1536x691.jpg 1536w, https:\/\/ecoles.rixensart.be\/centre\/wp-content\/uploads\/2025\/03\/IMG-20250324-WA0007.jpg 1600w\" sizes=\"auto, (max-width: 300px) 100vw, 300px\" \/> <img loading=\"lazy\" decoding=\"async\" class=\"alignnone size-medium wp-image-17744\" src=\"https:\/\/ecoles.rixensart.be\/centre\/wp-content\/uploads\/2025\/03\/IMG-20250324-WA0006-300x135.jpg\" alt=\"\" width=\"300\" height=\"135\" srcset=\"https:\/\/ecoles.rixensart.be\/centre\/wp-content\/uploads\/2025\/03\/IMG-20250324-WA0006-300x135.jpg 300w, https:\/\/ecoles.rixensart.be\/centre\/wp-content\/uploads\/2025\/03\/IMG-20250324-WA0006-1024x461.jpg 1024w, https:\/\/ecoles.rixensart.be\/centre\/wp-content\/uploads\/2025\/03\/IMG-20250324-WA0006-768x346.jpg 768w, https:\/\/ecoles.rixensart.be\/centre\/wp-content\/uploads\/2025\/03\/IMG-20250324-WA0006-1536x692.jpg 1536w, https:\/\/ecoles.rixensart.be\/centre\/wp-content\/uploads\/2025\/03\/IMG-20250324-WA0006.jpg 1600w\" sizes=\"auto, (max-width: 300px) 100vw, 300px\" \/> <img loading=\"lazy\" decoding=\"async\" class=\"alignnone size-medium wp-image-17743\" src=\"https:\/\/ecoles.rixensart.be\/centre\/wp-content\/uploads\/2025\/03\/IMG-20250324-WA0005-135x300.jpg\" alt=\"\" width=\"135\" height=\"300\" srcset=\"https:\/\/ecoles.rixensart.be\/centre\/wp-content\/uploads\/2025\/03\/IMG-20250324-WA0005-135x300.jpg 135w, https:\/\/ecoles.rixensart.be\/centre\/wp-content\/uploads\/2025\/03\/IMG-20250324-WA0005-461x1024.jpg 461w, https:\/\/ecoles.rixensart.be\/centre\/wp-content\/uploads\/2025\/03\/IMG-20250324-WA0005-691x1536.jpg 691w, https:\/\/ecoles.rixensart.be\/centre\/wp-content\/uploads\/2025\/03\/IMG-20250324-WA0005.jpg 720w\" sizes=\"auto, (max-width: 135px) 100vw, 135px\" \/><\/p>\n","protected":false},"excerpt":{"rendered":"<p>Le vendredi 21 mars, les enfants de la classe d&#8217;accueil et de 1\u00e8re maternelle se sont rendus au ch\u00e2teau de la Hulpe. Cette promenade en plein c\u0153ur de la nature a \u00e9t\u00e9 l&#8217;occasion de d\u00e9couvrir la beaut\u00e9 des paysages printaniers. Nos petits explorateurs ont observ\u00e9 les premi\u00e8res fleurs, \u00e9cout\u00e9 les<a href=\"https:\/\/ecoles.rixensart.be\/centre\/2025\/03\/24\/matinee-au-chateau-de-la-hulpe-classes-daccueil-et-m1photos-dans-larticle\/\" class=\"read-more\">Read More<\/a><\/p>\n","protected":false},"author":7,"featured_media":17745,"comment_status":"closed","ping_status":"open","sticky":false,"template":"","format":"standard","meta":{"footnotes":""},"categories":[1],"tags":[],"class_list":["post-17753","post","type-post","status-publish","format-standard","has-post-thumbnail","hentry","category-a-la-une"],"_links":{"self":[{"href":"https:\/\/ecoles.rixensart.be\/centre\/wp-json\/wp\/v2\/posts\/17753","targetHints":{"allow":["GET"]}}],"collection":[{"href":"https:\/\/ecoles.rixensart.be\/centre\/wp-json\/wp\/v2\/posts"}],"about":[{"href":"https:\/\/ecoles.rixensart.be\/centre\/wp-json\/wp\/v2\/types\/post"}],"author":[{"embeddable":true,"href":"https:\/\/ecoles.rixensart.be\/centre\/wp-json\/wp\/v2\/users\/7"}],"replies":[{"embeddable":true,"href":"https:\/\/ecoles.rixensart.be\/centre\/wp-json\/wp\/v2\/comments?post=17753"}],"version-history":[{"count":1,"href":"https:\/\/ecoles.rixensart.be\/centre\/wp-json\/wp\/v2\/posts\/17753\/revisions"}],"predecessor-version":[{"id":17754,"href":"https:\/\/ecoles.rixensart.be\/centre\/wp-json\/wp\/v2\/posts\/17753\/revisions\/17754"}],"wp:featuredmedia":[{"embeddable":true,"href":"https:\/\/ecoles.rixensart.be\/centre\/wp-json\/wp\/v2\/media\/17745"}],"wp:attachment":[{"href":"https:\/\/ecoles.rixensart.be\/centre\/wp-json\/wp\/v2\/media?parent=17753"}],"wp:term":[{"taxonomy":"category","embeddable":true,"href":"https:\/\/ecoles.rixensart.be\/centre\/wp-json\/wp\/v2\/categories?post=17753"},{"taxonomy":"post_tag","embeddable":true,"href":"https:\/\/ecoles.rixensart.be\/centre\/wp-json\/wp\/v2\/tags?post=17753"}],"curies":[{"name":"wp","href":"https:\/\/api.w.org\/{rel}","templated":true}]}}