{"id":2404,"date":"2018-11-22T19:01:11","date_gmt":"2018-11-22T18:01:11","guid":{"rendered":"http:\/\/ecoles.rixensart.be\/genval\/?p=2404"},"modified":"2018-11-22T19:01:11","modified_gmt":"2018-11-22T18:01:11","slug":"premiere-animation-nature-dans-le-bois-des-charmettes-pour-les-eleves-de-p1","status":"publish","type":"post","link":"https:\/\/ecoles.rixensart.be\/genval\/2018\/11\/22\/premiere-animation-nature-dans-le-bois-des-charmettes-pour-les-eleves-de-p1\/","title":{"rendered":"Premi\u00e8re animation nature dans le bois des Charmettes pour les \u00e9l\u00e8ves de P1"},"content":{"rendered":"<p>Ce mardi 20 novembre, les \u00e9l\u00e8ves de P1 ont d\u00e9couvert le th\u00e8me des 5 sens \u00e0 travers diff\u00e9rentes activit\u00e9s ludiques : regarder les arbres \u00e0 l&rsquo;aide d&rsquo;un miroir, \u00e9couter les bruits de la for\u00eat, toucher des feuilles douces, fabriquer du parfum des bois. L&rsquo;apr\u00e8s-midi, ils ont observ\u00e9 un arbre au choix, lui ont racont\u00e9 leurs secrets et l&rsquo;ont d\u00e9cor\u00e9 d&rsquo;argile. De tr\u00e8s beaux moments pass\u00e9s ensemble.<img loading=\"lazy\" decoding=\"async\" class=\"aligncenter size-full wp-image-2405\" src=\"https:\/\/ecoles.rixensart.be\/genval\/wp-content\/uploads\/2018\/11\/thumbnail_20181120_135224_resized.jpg\" alt=\"\" width=\"333\" height=\"250\" srcset=\"https:\/\/ecoles.rixensart.be\/genval\/wp-content\/uploads\/2018\/11\/thumbnail_20181120_135224_resized.jpg 333w, https:\/\/ecoles.rixensart.be\/genval\/wp-content\/uploads\/2018\/11\/thumbnail_20181120_135224_resized-300x225.jpg 300w\" sizes=\"auto, (max-width: 333px) 100vw, 333px\" \/><\/p>\n","protected":false},"excerpt":{"rendered":"<p>Ce mardi 20 novembre, les \u00e9l\u00e8ves de P1 ont d\u00e9couvert le th\u00e8me des 5 sens \u00e0 travers diff\u00e9rentes activit\u00e9s ludiques : regarder les arbres \u00e0 l&rsquo;aide d&rsquo;un miroir, \u00e9couter les bruits de la for\u00eat, toucher des feuilles douces, fabriquer du parfum des bois. L&rsquo;apr\u00e8s-midi, ils ont observ\u00e9 un arbre au<a href=\"https:\/\/ecoles.rixensart.be\/genval\/2018\/11\/22\/premiere-animation-nature-dans-le-bois-des-charmettes-pour-les-eleves-de-p1\/\" class=\"read-more\">Read More<\/a><\/p>\n","protected":false},"author":1,"featured_media":2407,"comment_status":"closed","ping_status":"open","sticky":false,"template":"","format":"standard","meta":{"footnotes":""},"categories":[14],"tags":[],"class_list":["post-2404","post","type-post","status-publish","format-standard","has-post-thumbnail","hentry","category-activite"],"_links":{"self":[{"href":"https:\/\/ecoles.rixensart.be\/genval\/wp-json\/wp\/v2\/posts\/2404","targetHints":{"allow":["GET"]}}],"collection":[{"href":"https:\/\/ecoles.rixensart.be\/genval\/wp-json\/wp\/v2\/posts"}],"about":[{"href":"https:\/\/ecoles.rixensart.be\/genval\/wp-json\/wp\/v2\/types\/post"}],"author":[{"embeddable":true,"href":"https:\/\/ecoles.rixensart.be\/genval\/wp-json\/wp\/v2\/users\/1"}],"replies":[{"embeddable":true,"href":"https:\/\/ecoles.rixensart.be\/genval\/wp-json\/wp\/v2\/comments?post=2404"}],"version-history":[{"count":1,"href":"https:\/\/ecoles.rixensart.be\/genval\/wp-json\/wp\/v2\/posts\/2404\/revisions"}],"predecessor-version":[{"id":2408,"href":"https:\/\/ecoles.rixensart.be\/genval\/wp-json\/wp\/v2\/posts\/2404\/revisions\/2408"}],"wp:featuredmedia":[{"embeddable":true,"href":"https:\/\/ecoles.rixensart.be\/genval\/wp-json\/wp\/v2\/media\/2407"}],"wp:attachment":[{"href":"https:\/\/ecoles.rixensart.be\/genval\/wp-json\/wp\/v2\/media?parent=2404"}],"wp:term":[{"taxonomy":"category","embeddable":true,"href":"https:\/\/ecoles.rixensart.be\/genval\/wp-json\/wp\/v2\/categories?post=2404"},{"taxonomy":"post_tag","embeddable":true,"href":"https:\/\/ecoles.rixensart.be\/genval\/wp-json\/wp\/v2\/tags?post=2404"}],"curies":[{"name":"wp","href":"https:\/\/api.w.org\/{rel}","templated":true}]}}