{"id":2719,"date":"2019-06-04T09:51:18","date_gmt":"2019-06-04T07:51:18","guid":{"rendered":"http:\/\/ecoles.rixensart.be\/genval\/?p=2719"},"modified":"2019-06-04T09:51:18","modified_gmt":"2019-06-04T07:51:18","slug":"nos-eleves-de-2eme-annee-au-centre-sportif-de-rixensart","status":"publish","type":"post","link":"https:\/\/ecoles.rixensart.be\/genval\/2019\/06\/04\/nos-eleves-de-2eme-annee-au-centre-sportif-de-rixensart\/","title":{"rendered":"Nos \u00e9l\u00e8ves de 2\u00e8me ann\u00e9e au centre sportif de Rixensart"},"content":{"rendered":"<p><img loading=\"lazy\" decoding=\"async\" class=\"wp-image-2723 alignnone\" src=\"https:\/\/ecoles.rixensart.be\/genval\/wp-content\/uploads\/2019\/06\/IMG-20190604-WA0000-1-1024x768.jpg\" alt=\"\" width=\"289\" height=\"217\" srcset=\"https:\/\/ecoles.rixensart.be\/genval\/wp-content\/uploads\/2019\/06\/IMG-20190604-WA0000-1-1024x768.jpg 1024w, https:\/\/ecoles.rixensart.be\/genval\/wp-content\/uploads\/2019\/06\/IMG-20190604-WA0000-1-300x225.jpg 300w, https:\/\/ecoles.rixensart.be\/genval\/wp-content\/uploads\/2019\/06\/IMG-20190604-WA0000-1-768x576.jpg 768w, https:\/\/ecoles.rixensart.be\/genval\/wp-content\/uploads\/2019\/06\/IMG-20190604-WA0000-1.jpg 1920w\" sizes=\"(max-width: 289px) 100vw, 289px\" \/><img loading=\"lazy\" decoding=\"async\" class=\"wp-image-2721 alignleft\" src=\"https:\/\/ecoles.rixensart.be\/genval\/wp-content\/uploads\/2019\/06\/IMG-20190604-WA0006-1024x768.jpg\" alt=\"\" width=\"277\" height=\"207\" srcset=\"https:\/\/ecoles.rixensart.be\/genval\/wp-content\/uploads\/2019\/06\/IMG-20190604-WA0006-1024x768.jpg 1024w, https:\/\/ecoles.rixensart.be\/genval\/wp-content\/uploads\/2019\/06\/IMG-20190604-WA0006-300x225.jpg 300w, https:\/\/ecoles.rixensart.be\/genval\/wp-content\/uploads\/2019\/06\/IMG-20190604-WA0006-768x576.jpg 768w, https:\/\/ecoles.rixensart.be\/genval\/wp-content\/uploads\/2019\/06\/IMG-20190604-WA0006.jpg 1920w\" sizes=\"(max-width: 277px) 100vw, 277px\" \/><\/p>\n","protected":false},"excerpt":{"rendered":"","protected":false},"author":1,"featured_media":2720,"comment_status":"closed","ping_status":"open","sticky":false,"template":"","format":"standard","meta":{"footnotes":""},"categories":[31],"tags":[],"_links":{"self":[{"href":"https:\/\/ecoles.rixensart.be\/genval\/wp-json\/wp\/v2\/posts\/2719"}],"collection":[{"href":"https:\/\/ecoles.rixensart.be\/genval\/wp-json\/wp\/v2\/posts"}],"about":[{"href":"https:\/\/ecoles.rixensart.be\/genval\/wp-json\/wp\/v2\/types\/post"}],"author":[{"embeddable":true,"href":"https:\/\/ecoles.rixensart.be\/genval\/wp-json\/wp\/v2\/users\/1"}],"replies":[{"embeddable":true,"href":"https:\/\/ecoles.rixensart.be\/genval\/wp-json\/wp\/v2\/comments?post=2719"}],"version-history":[{"count":1,"href":"https:\/\/ecoles.rixensart.be\/genval\/wp-json\/wp\/v2\/posts\/2719\/revisions"}],"predecessor-version":[{"id":2724,"href":"https:\/\/ecoles.rixensart.be\/genval\/wp-json\/wp\/v2\/posts\/2719\/revisions\/2724"}],"wp:featuredmedia":[{"embeddable":true,"href":"https:\/\/ecoles.rixensart.be\/genval\/wp-json\/wp\/v2\/media\/2720"}],"wp:attachment":[{"href":"https:\/\/ecoles.rixensart.be\/genval\/wp-json\/wp\/v2\/media?parent=2719"}],"wp:term":[{"taxonomy":"category","embeddable":true,"href":"https:\/\/ecoles.rixensart.be\/genval\/wp-json\/wp\/v2\/categories?post=2719"},{"taxonomy":"post_tag","embeddable":true,"href":"https:\/\/ecoles.rixensart.be\/genval\/wp-json\/wp\/v2\/tags?post=2719"}],"curies":[{"name":"wp","href":"https:\/\/api.w.org\/{rel}","templated":true}]}}