{"id":6913,"date":"2024-01-18T13:49:32","date_gmt":"2024-01-18T12:49:32","guid":{"rendered":"https:\/\/ecoles.rixensart.be\/genval\/?p=6913"},"modified":"2024-01-18T13:49:32","modified_gmt":"2024-01-18T12:49:32","slug":"petit-rappel-des-conges-scolaires-a-venir-et-calendrier","status":"publish","type":"post","link":"https:\/\/ecoles.rixensart.be\/genval\/2024\/01\/18\/petit-rappel-des-conges-scolaires-a-venir-et-calendrier\/","title":{"rendered":"Petit rappel des cong\u00e9s scolaires \u00e0 venir et calendrier"},"content":{"rendered":"<p style=\"text-align: center;\"><img loading=\"lazy\" decoding=\"async\" class=\"alignnone size-full wp-image-6915\" src=\"https:\/\/ecoles.rixensart.be\/genval\/wp-content\/uploads\/2024\/01\/gilles-de-binche.jpg\" alt=\"\" width=\"280\" height=\"180\" \/><\/p>\n<h3 style=\"text-align: center;\">Le mardi gras 13 f\u00e9vrier, toutes les \u00e9coles de la F\u00e9d\u00e9ration Wallonie-Bruxelles seront ferm\u00e9es.<\/h3>\n<p style=\"text-align: center;\">Vous trouverez ci-dessous le calendrier de la CFWB.<\/p>\n<p style=\"text-align: center;\"><a href=\"https:\/\/ecoles.rixensart.be\/genval\/wp-content\/uploads\/2024\/01\/Calendrier-scolaire-2023-2024-PDF-ressource-17034.pdf\" target=\"_blank\" rel=\"noopener\">Calendrier scolaire 2023-2024 CFWB (PDF)<\/a><\/p>\n","protected":false},"excerpt":{"rendered":"<p>Le mardi gras 13 f\u00e9vrier, toutes les \u00e9coles de la F\u00e9d\u00e9ration Wallonie-Bruxelles seront ferm\u00e9es. Vous trouverez ci-dessous le calendrier de la CFWB. Calendrier scolaire 2023-2024 CFWB (PDF)<\/p>\n","protected":false},"author":4,"featured_media":6915,"comment_status":"closed","ping_status":"open","sticky":false,"template":"","format":"standard","meta":{"footnotes":""},"categories":[84],"tags":[],"_links":{"self":[{"href":"https:\/\/ecoles.rixensart.be\/genval\/wp-json\/wp\/v2\/posts\/6913"}],"collection":[{"href":"https:\/\/ecoles.rixensart.be\/genval\/wp-json\/wp\/v2\/posts"}],"about":[{"href":"https:\/\/ecoles.rixensart.be\/genval\/wp-json\/wp\/v2\/types\/post"}],"author":[{"embeddable":true,"href":"https:\/\/ecoles.rixensart.be\/genval\/wp-json\/wp\/v2\/users\/4"}],"replies":[{"embeddable":true,"href":"https:\/\/ecoles.rixensart.be\/genval\/wp-json\/wp\/v2\/comments?post=6913"}],"version-history":[{"count":1,"href":"https:\/\/ecoles.rixensart.be\/genval\/wp-json\/wp\/v2\/posts\/6913\/revisions"}],"predecessor-version":[{"id":6916,"href":"https:\/\/ecoles.rixensart.be\/genval\/wp-json\/wp\/v2\/posts\/6913\/revisions\/6916"}],"wp:featuredmedia":[{"embeddable":true,"href":"https:\/\/ecoles.rixensart.be\/genval\/wp-json\/wp\/v2\/media\/6915"}],"wp:attachment":[{"href":"https:\/\/ecoles.rixensart.be\/genval\/wp-json\/wp\/v2\/media?parent=6913"}],"wp:term":[{"taxonomy":"category","embeddable":true,"href":"https:\/\/ecoles.rixensart.be\/genval\/wp-json\/wp\/v2\/categories?post=6913"},{"taxonomy":"post_tag","embeddable":true,"href":"https:\/\/ecoles.rixensart.be\/genval\/wp-json\/wp\/v2\/tags?post=6913"}],"curies":[{"name":"wp","href":"https:\/\/api.w.org\/{rel}","templated":true}]}}